{"id":434,"date":"2024-11-18T08:56:45","date_gmt":"2024-11-18T06:56:45","guid":{"rendered":"https:\/\/ssty.fi\/toiminnallinen-suunnittelujaos\/?p=434"},"modified":"2024-11-18T08:56:45","modified_gmt":"2024-11-18T06:56:45","slug":"tutustumiskaynti-assi-sairaalassa-14-11-2024-tiedote","status":"publish","type":"post","link":"https:\/\/ssty.fi\/toiminnallinen-suunnittelujaos\/2024\/11\/18\/tutustumiskaynti-assi-sairaalassa-14-11-2024-tiedote\/","title":{"rendered":"Tutustumisk\u00e4ynti Assi-sairaalassa 14.11.2024 &#8211; Tiedote"},"content":{"rendered":"<div class=\"fusion-fullwidth fullwidth-box fusion-builder-row-1 fusion-flex-container has-pattern-background has-mask-background nonhundred-percent-fullwidth non-hundred-percent-height-scrolling\" style=\"--awb-border-radius-top-left:0px;--awb-border-radius-top-right:0px;--awb-border-radius-bottom-right:0px;--awb-border-radius-bottom-left:0px;--awb-flex-wrap:wrap;\" ><div class=\"fusion-builder-row fusion-row fusion-flex-align-items-flex-start fusion-flex-content-wrap\" style=\"max-width:1216.8px;margin-left: calc(-4% \/ 2 );margin-right: calc(-4% \/ 2 );\"><div class=\"fusion-layout-column fusion_builder_column fusion-builder-column-0 fusion_builder_column_1_1 1_1 fusion-flex-column\" style=\"--awb-bg-size:cover;--awb-width-large:100%;--awb-margin-top-large:0px;--awb-spacing-right-large:1.92%;--awb-margin-bottom-large:20px;--awb-spacing-left-large:1.92%;--awb-width-medium:100%;--awb-order-medium:0;--awb-spacing-right-medium:1.92%;--awb-spacing-left-medium:1.92%;--awb-width-small:100%;--awb-order-small:0;--awb-spacing-right-small:1.92%;--awb-spacing-left-small:1.92%;\"><div class=\"fusion-column-wrapper fusion-column-has-shadow fusion-flex-justify-content-flex-start fusion-content-layout-column\"><div class=\"fusion-text fusion-text-1\"><h3><strong>Toiminnallisen suunnittelujaoksen ja kiinteist\u00f6jaoksen tutustumisk\u00e4ynti Assi-sairaalassa 14.11.2024<\/strong><\/h3>\n<p>Toiminnallinen suunnittelujaos ja kiinteist\u00f6jaos j\u00e4rjestiv\u00e4t yhteisty\u00f6ss\u00e4 tutustumisk\u00e4ynnin Assi-sairaalaan 14.11.2024. Tutustumisk\u00e4ynnill\u00e4 oli mukana noin 25 henkil\u00f6\u00e4.<\/p>\n<p>Aamulla kokoonnuimme Assin Big Room -tiloihin, joissa tervetuliaspuheen ja kahvien j\u00e4lkeen saimme ty\u00f6maaperehdytyksen, joka vaaditaan ty\u00f6maavierailulle p\u00e4\u00e4sy\u00e4 varten. Ty\u00f6maavierailua varten jakaannuimme kahteen ryhm\u00e4\u00e4n ja toisen ryhm\u00e4n l\u00e4htiess\u00e4 ty\u00f6maakierrokselle, osa j\u00e4i kuuntelemaan Assin hanke-esittely\u00e4. Hanke-esittely oli eritt\u00e4in kattava ja kiinnosta, kiitokset siit\u00e4 kaikille valmistelijoille. Esittelyss\u00e4 kuultiin puheenvuoroja eri n\u00e4k\u00f6kulmasta, mik\u00e4 oli mukavaa. Esitykset tulevat jakoon SSTY:n j\u00e4senist\u00f6lle FloMembersin tiedostoihin.<\/p>\n<p>Maittavan lounaan j\u00e4lkeen tapahtui ryhmien vaihto. Ty\u00f6maakierroksella tuli hiki, koska rakennuksessa oli osin melko l\u00e4mmint\u00e4, mutta my\u00f6s kierroksen tahti oli ripe\u00e4, koska mielenkiintoista katsottavaa oli niin paljon ja kierroksella olisi varmasti saanut aikaa kulutettua monta tuntia. Saimme kuitenkin hyv\u00e4n l\u00e4pileikkauksen Assin tiloista, vaikka se konehuone nyt j\u00e4ikin n\u00e4kem\u00e4tt\u00e4 toiselta ryhm\u00e4lt\u00e4. Ty\u00f6maa oli silmiinpist\u00e4v\u00e4n siisti ja n\u00e4inh\u00e4n sen kuuluu ollakin, kun ty\u00f6t\u00e4 tehd\u00e4\u00e4n tahdilla ja lopputuloksesta tulee loistava.<\/p>\n<p>Iltap\u00e4iv\u00e4ll\u00e4 kokoonnuimme yhteen kuuntelemaan toiminnallisen suunnittelujaoksen valmistelemien tyyppitilakonseptien tilannetta ja keskustelemaan yhdess\u00e4 siit\u00e4, mill\u00e4 tavoin tyyppitilakonseptointia jatketaan ja millaista lopputulosta konseptoinnilta odotetaan. Tyyppitilakonseptoinninkin materiaalit jaetaan koko SSTY:n j\u00e4senist\u00f6lle ja niit\u00e4 saa mielell\u00e4\u00e4n jatkossakin kommentoida ja kehitt\u00e4\u00e4.<br \/>\nP\u00e4iv\u00e4n p\u00e4\u00e4tteeksi pidimme viel\u00e4 erilliset jaoskokoukset, joissa reflektoimme kuluvaa vuotta, sek\u00e4 pohdimme jaostoiminnan tulevaa vuotta 2025. Toivottavasti n\u00e4hd\u00e4\u00e4n mahdollisimman laajalla joukolla viimeist\u00e4\u00e4n seuraavilla sairaalatekniikan p\u00e4ivill\u00e4 toukokuun lopulla 2025 Kuopiossa. Ps. pikkulinnut kertoivat, ett\u00e4 sairaalatekniikan p\u00e4ivien yhteyteen voidaan j\u00e4rjest\u00e4\u00e4 tutustumisk\u00e4ynti KYS Uusi Syd\u00e4n -projektille, jos sellainen kiinnostaa.<br \/>\nKiitokset kaikille t\u00e4m\u00e4n vierailun mahdollistaneille, menestyst\u00e4 ja voimia koko Assin hankeporukalle. Ty\u00f6maan vastaanoton, k\u00e4ytt\u00f6\u00f6noton ja muuttojen l\u00e4hestyess\u00e4 vauhti vaan kiihtyy, niin kuin kaikki rakennushankkeissa mukana olleet tiet\u00e4v\u00e4t.<\/p>\n<\/div><div class=\"fusion-image-element awb-imageframe-style awb-imageframe-style-below awb-imageframe-style-1\" style=\"--awb-margin-top:30px;--awb-caption-title-font-family:var(--h2_typography-font-family);--awb-caption-title-font-weight:var(--h2_typography-font-weight);--awb-caption-title-font-style:var(--h2_typography-font-style);--awb-caption-title-size:var(--h2_typography-font-size);--awb-caption-title-transform:var(--h2_typography-text-transform);--awb-caption-title-line-height:var(--h2_typography-line-height);--awb-caption-title-letter-spacing:var(--h2_typography-letter-spacing);\"><span class=\" fusion-imageframe imageframe-none imageframe-1 hover-type-none\"><img decoding=\"async\" width=\"765\" height=\"570\" src=\"https:\/\/ssty.fi\/toiminnallinen-suunnittelujaos\/files\/2024\/11\/Kuva1.png\" alt class=\"img-responsive wp-image-435\" srcset=\"https:\/\/ssty.fi\/toiminnallinen-suunnittelujaos\/files\/2024\/11\/Kuva1-200x149.png 200w, https:\/\/ssty.fi\/toiminnallinen-suunnittelujaos\/files\/2024\/11\/Kuva1-400x298.png 400w, https:\/\/ssty.fi\/toiminnallinen-suunnittelujaos\/files\/2024\/11\/Kuva1-600x447.png 600w, https:\/\/ssty.fi\/toiminnallinen-suunnittelujaos\/files\/2024\/11\/Kuva1.png 765w\" sizes=\"(max-width: 1024px) 100vw, (max-width: 640px) 100vw, 765px\" \/><\/span><div class=\"awb-imageframe-caption-container\"><div class=\"awb-imageframe-caption\"><p class=\"awb-imageframe-caption-text\">KUVA 1. Onhan se komea julkisivu (kuva Titta Haatainen)<\/p><\/div><\/div><\/div><div class=\"fusion-image-element awb-imageframe-style awb-imageframe-style-below awb-imageframe-style-2\" style=\"--awb-margin-top:30px;--awb-caption-title-font-family:var(--h2_typography-font-family);--awb-caption-title-font-weight:var(--h2_typography-font-weight);--awb-caption-title-font-style:var(--h2_typography-font-style);--awb-caption-title-size:var(--h2_typography-font-size);--awb-caption-title-transform:var(--h2_typography-text-transform);--awb-caption-title-line-height:var(--h2_typography-line-height);--awb-caption-title-letter-spacing:var(--h2_typography-letter-spacing);\"><span class=\" fusion-imageframe imageframe-none imageframe-2 hover-type-none\"><img decoding=\"async\" width=\"755\" height=\"755\" src=\"https:\/\/ssty.fi\/toiminnallinen-suunnittelujaos\/files\/2024\/11\/Kuva2.png\" alt class=\"img-responsive wp-image-436\" srcset=\"https:\/\/ssty.fi\/toiminnallinen-suunnittelujaos\/files\/2024\/11\/Kuva2-200x200.png 200w, https:\/\/ssty.fi\/toiminnallinen-suunnittelujaos\/files\/2024\/11\/Kuva2-400x400.png 400w, https:\/\/ssty.fi\/toiminnallinen-suunnittelujaos\/files\/2024\/11\/Kuva2-600x600.png 600w, https:\/\/ssty.fi\/toiminnallinen-suunnittelujaos\/files\/2024\/11\/Kuva2.png 755w\" sizes=\"(max-width: 1024px) 100vw, (max-width: 640px) 100vw, 755px\" \/><\/span><div class=\"awb-imageframe-caption-container\"><div class=\"awb-imageframe-caption\"><p class=\"awb-imageframe-caption-text\">KUVA 2. Assissa on k\u00e4yt\u00e4vill\u00e4 suuria ikkunoita, joista sis\u00e4\u00e4n p\u00e4\u00e4see luonnonvaloa ja jotka tarjoavat my\u00f6s luonton\u00e4kym\u00e4\u00e4 (kuva Titta Haatainen)<\/p><\/div><\/div><\/div><div class=\"fusion-image-element awb-imageframe-style awb-imageframe-style-below awb-imageframe-style-3\" style=\"--awb-margin-top:30px;--awb-caption-title-font-family:var(--h2_typography-font-family);--awb-caption-title-font-weight:var(--h2_typography-font-weight);--awb-caption-title-font-style:var(--h2_typography-font-style);--awb-caption-title-size:var(--h2_typography-font-size);--awb-caption-title-transform:var(--h2_typography-text-transform);--awb-caption-title-line-height:var(--h2_typography-line-height);--awb-caption-title-letter-spacing:var(--h2_typography-letter-spacing);\"><span class=\" fusion-imageframe imageframe-none imageframe-3 hover-type-none\"><img decoding=\"async\" width=\"710\" height=\"945\" src=\"https:\/\/ssty.fi\/toiminnallinen-suunnittelujaos\/files\/2024\/11\/Kuva3.png\" alt class=\"img-responsive wp-image-437\" srcset=\"https:\/\/ssty.fi\/toiminnallinen-suunnittelujaos\/files\/2024\/11\/Kuva3-200x266.png 200w, https:\/\/ssty.fi\/toiminnallinen-suunnittelujaos\/files\/2024\/11\/Kuva3-400x532.png 400w, https:\/\/ssty.fi\/toiminnallinen-suunnittelujaos\/files\/2024\/11\/Kuva3-600x799.png 600w, https:\/\/ssty.fi\/toiminnallinen-suunnittelujaos\/files\/2024\/11\/Kuva3.png 710w\" sizes=\"(max-width: 1024px) 100vw, (max-width: 640px) 100vw, 710px\" \/><\/span><div class=\"awb-imageframe-caption-container\"><div class=\"awb-imageframe-caption\"><p class=\"awb-imageframe-caption-text\">KUVA 3. My\u00f6s sis\u00e4seiniss\u00e4 on laajalti lasipintaa, mik\u00e4 antaa avaruuden ja ilmavuuden tuntua sis\u00e4tiloihin (kuva Titta Haatainen)<\/p><\/div><\/div><\/div><div class=\"fusion-image-element awb-imageframe-style awb-imageframe-style-below awb-imageframe-style-4\" style=\"--awb-margin-top:30px;--awb-caption-title-font-family:var(--h2_typography-font-family);--awb-caption-title-font-weight:var(--h2_typography-font-weight);--awb-caption-title-font-style:var(--h2_typography-font-style);--awb-caption-title-size:var(--h2_typography-font-size);--awb-caption-title-transform:var(--h2_typography-text-transform);--awb-caption-title-line-height:var(--h2_typography-line-height);--awb-caption-title-letter-spacing:var(--h2_typography-letter-spacing);\"><span class=\" fusion-imageframe imageframe-none imageframe-4 hover-type-none\"><img decoding=\"async\" width=\"805\" height=\"570\" src=\"https:\/\/ssty.fi\/toiminnallinen-suunnittelujaos\/files\/2024\/11\/Kuva4.png\" alt class=\"img-responsive wp-image-438\" srcset=\"https:\/\/ssty.fi\/toiminnallinen-suunnittelujaos\/files\/2024\/11\/Kuva4-200x142.png 200w, https:\/\/ssty.fi\/toiminnallinen-suunnittelujaos\/files\/2024\/11\/Kuva4-400x283.png 400w, https:\/\/ssty.fi\/toiminnallinen-suunnittelujaos\/files\/2024\/11\/Kuva4-600x425.png 600w, https:\/\/ssty.fi\/toiminnallinen-suunnittelujaos\/files\/2024\/11\/Kuva4-800x566.png 800w, https:\/\/ssty.fi\/toiminnallinen-suunnittelujaos\/files\/2024\/11\/Kuva4.png 805w\" sizes=\"(max-width: 1024px) 100vw, (max-width: 640px) 100vw, 805px\" \/><\/span><div class=\"awb-imageframe-caption-container\"><div class=\"awb-imageframe-caption\"><p class=\"awb-imageframe-caption-text\">KUVA 4. Aulasta n\u00e4kee jo ty\u00f6maavaiheessa, ett\u00e4 siit\u00e4 tulee avara ja valoisa (kuva Titta Haatainen)<\/p><\/div><\/div><\/div><\/div><\/div><\/div><\/div>\n","protected":false},"excerpt":{"rendered":"","protected":false},"author":2,"featured_media":0,"comment_status":"closed","ping_status":"closed","sticky":false,"template":"","format":"standard","meta":{"footnotes":""},"categories":[1],"tags":[],"class_list":["post-434","post","type-post","status-publish","format-standard","hentry","category-etusivun-nosto"],"_links":{"self":[{"href":"https:\/\/ssty.fi\/toiminnallinen-suunnittelujaos\/wp-json\/wp\/v2\/posts\/434","targetHints":{"allow":["GET"]}}],"collection":[{"href":"https:\/\/ssty.fi\/toiminnallinen-suunnittelujaos\/wp-json\/wp\/v2\/posts"}],"about":[{"href":"https:\/\/ssty.fi\/toiminnallinen-suunnittelujaos\/wp-json\/wp\/v2\/types\/post"}],"author":[{"embeddable":true,"href":"https:\/\/ssty.fi\/toiminnallinen-suunnittelujaos\/wp-json\/wp\/v2\/users\/2"}],"replies":[{"embeddable":true,"href":"https:\/\/ssty.fi\/toiminnallinen-suunnittelujaos\/wp-json\/wp\/v2\/comments?post=434"}],"version-history":[{"count":5,"href":"https:\/\/ssty.fi\/toiminnallinen-suunnittelujaos\/wp-json\/wp\/v2\/posts\/434\/revisions"}],"predecessor-version":[{"id":443,"href":"https:\/\/ssty.fi\/toiminnallinen-suunnittelujaos\/wp-json\/wp\/v2\/posts\/434\/revisions\/443"}],"wp:attachment":[{"href":"https:\/\/ssty.fi\/toiminnallinen-suunnittelujaos\/wp-json\/wp\/v2\/media?parent=434"}],"wp:term":[{"taxonomy":"category","embeddable":true,"href":"https:\/\/ssty.fi\/toiminnallinen-suunnittelujaos\/wp-json\/wp\/v2\/categories?post=434"},{"taxonomy":"post_tag","embeddable":true,"href":"https:\/\/ssty.fi\/toiminnallinen-suunnittelujaos\/wp-json\/wp\/v2\/tags?post=434"}],"curies":[{"name":"wp","href":"https:\/\/api.w.org\/{rel}","templated":true}]}}